{"id":59195,"date":"2026-08-31T12:01:54","date_gmt":"2026-08-31T10:01:54","guid":{"rendered":"https:\/\/editing.capitalmind.com\/?p=59195"},"modified":"2026-08-31T12:02:26","modified_gmt":"2026-08-31T10:02:26","slug":"french-tech-le-grand-ecart-le-nouvel-economiste","status":"publish","type":"post","link":"https:\/\/www.investec.com\/advisory\/fr\/french-tech-le-grand-ecart-le-nouvel-economiste\/","title":{"rendered":"French Tech &#8211; Le Grand \u00e9cart | Le Nouvel Economiste"},"content":{"rendered":"\n<p class=\"wp-block-paragraph\">Retrouvez le point de vue de Jean-Arthur Datt\u00e9e sur la \u00ab\u00a0Tech M&amp;A\u00a0\u00bb paru dans l&rsquo;article du Nouvel Economiste &#8211; Septembre 2026<\/p>\n\n\n\n<p class=\"wp-block-paragraph\"><em>\u00ab\u00a0Les belles lev\u00e9es de fonds dans l\u2019IA et la deeptech masquent difficilement les difficult\u00e9s des entreprises innovantes \u00e0 convaincre les investisseurs. Mieux vaut r\u00e9pondre exactement aux crit\u00e8res d\u2019\u00e9ligibilit\u00e9 du moment. (&#8230;)\u00a0\u00bb<\/em><\/p>\n\n\n\n<p class=\"wp-block-paragraph\"><a href=\"https:\/\/www.lenouveleconomiste.fr\/french-tech%e2%80%af-le-grand-ecart-139126\/\">French Tech\u202f: le grand \u00e9cart &#8211; Le nouvel Economiste<\/a> <em>(publication soumise \u00e0 abonnement &#8211; lecture compl\u00e8te r\u00e9serv\u00e9e aux abonn\u00e9s)<\/em><\/p>\n\n\n<section class=\"content--block quoteBlock \">\n    <div class=\"holder\">\n        <div class=\"stories slide-up d-flex\" data-scroll=\"\">\n                            <div class=\"stories__bg\">\n                    <img decoding=\"async\" src=\"https:\/\/www.investec.com\/advisory\/wp-content\/uploads\/2026\/08\/Jean-Arthur-Dattee.png\"\n                        alt=\"\" \/>\n                <\/div>\n            \n            <blockquote class=\"stories__desc\" >\n                <span class=\"stories__desc_quote\">\u201c\u201d<\/span>\n\n                                    <div class=\"justified\"><p>En tant que conseils des vendeurs, ce contexte nous invite \u00e0 \u00eatre tr\u00e8s vigilants sur le s\u00e9rieux des offres de rachat formul\u00e9es, indique Jean-Arthur Datt\u00e9e, associ\u00e9 de la banque d\u2019affaires Investec. Cela \u00e9tant, l\u2019environnement se pr\u00eate au \u2018tech M&#038;A\u2019 : les entreprises ayant lev\u00e9 beaucoup d\u2019argent peuvent en allouer une partie pour acqu\u00e9rir de nouvelles briques technologiques, alors m\u00eame que de nombreux fonds de capital-risque cherchent une porte de sortie afin de solder leur investissement fait il y a quatre ou six ans. <\/p>\n<\/div>                \n\n                                    <cite>&#8211; Jean-Arthur Datt\u00e9e, Associ\u00e9, Investec<\/cite>\n                            <\/blockquote>\n        <\/div><!-- \/.stories -->\n    <\/div>\n<\/section>\n<!-- ============= End of \/.QuoteBlock =============== -->","protected":false},"excerpt":{"rendered":"<p>Retrouvez le point de vue de Jean-Arthur Datt\u00e9e sur la \u00ab\u00a0Tech M&amp;A\u00a0\u00bb paru dans l&rsquo;article du Nouvel Economiste &#8211; Septembre&#8230;<\/p>\n","protected":false},"author":58,"featured_media":59204,"comment_status":"closed","ping_status":"closed","sticky":false,"template":"","format":"standard","meta":{"_acf_changed":true,"inline_featured_image":false,"footnotes":""},"categories":[3783],"tags":[],"news-event-type":[17006],"dealtype":[3698,16633,3721,3706,3718,3740],"class_list":["post-59195","post","type-post","status-publish","format-standard","has-post-thumbnail","hentry","category-news-and-events-fr","news-event-type-press-and-interviews-fr","dealtype-acquisition-fr","dealtype-mbo-fr","dealtype-carve-out-fr","dealtype-cession-fr","dealtype-debt-advisory-fr","dealtype-capital-dev-fr","ps-tmt-fr"],"acf":[],"yoast_head":"<!-- This site is optimized with the Yoast SEO plugin v28.2 - https:\/\/yoast.com\/product\/yoast-seo-wordpress\/ -->\n<title>French Tech - Le Grand \u00e9cart | Le Nouvel Economiste | Investec Business Advisory<\/title>\n<meta name=\"description\" content=\"Retrouvez le point de vue de Jean-Arthur Datt\u00e9e sur la &quot;Tech M&amp;A&quot; paru dans l&#039;article du Nouvel Economiste - Septembre 2026\" \/>\n<meta name=\"robots\" content=\"index, follow, max-snippet:-1, max-image-preview:large, max-video-preview:-1\" \/>\n<link rel=\"canonical\" href=\"https:\/\/www.investec.com\/advisory\/fr\/french-tech-le-grand-ecart-le-nouvel-economiste\/\" \/>\n<meta property=\"og:locale\" content=\"fr_FR\" \/>\n<meta property=\"og:type\" content=\"article\" \/>\n<meta property=\"og:title\" content=\"French Tech - Le Grand \u00e9cart | Le Nouvel Economiste | Investec Business Advisory\" \/>\n<meta property=\"og:description\" content=\"Retrouvez le point de vue de Jean-Arthur Datt\u00e9e sur la &quot;Tech M&amp;A&quot; paru dans l&#039;article du Nouvel Economiste - Septembre 2026\" \/>\n<meta property=\"og:url\" content=\"https:\/\/www.investec.com\/advisory\/fr\/french-tech-le-grand-ecart-le-nouvel-economiste\/\" \/>\n<meta property=\"og:site_name\" content=\"Investec Business Advisory\" \/>\n<meta property=\"article:published_time\" content=\"2026-08-31T10:01:54+00:00\" \/>\n<meta property=\"article:modified_time\" content=\"2026-08-31T10:02:26+00:00\" \/>\n<meta property=\"og:image\" content=\"https:\/\/www.investec.com\/advisory\/wp-content\/uploads\/2026\/08\/riki32-metaverse-7199393_1920.jpg\" \/>\n\t<meta property=\"og:image:width\" content=\"1920\" \/>\n\t<meta property=\"og:image:height\" content=\"1080\" \/>\n\t<meta property=\"og:image:type\" content=\"image\/jpeg\" \/>\n<meta name=\"author\" content=\"Emilie Vallet\" \/>\n<meta name=\"twitter:card\" content=\"summary_large_image\" \/>\n<meta name=\"twitter:label1\" content=\"\u00c9crit par\" \/>\n\t<meta name=\"twitter:data1\" content=\"Emilie Vallet\" \/>\n\t<meta name=\"twitter:label2\" content=\"Dur\u00e9e de lecture estim\u00e9e\" \/>\n\t<meta name=\"twitter:data2\" content=\"1 minute\" \/>\n<script type=\"application\/ld+json\" class=\"yoast-schema-graph\">{\"@context\":\"https:\\\/\\\/schema.org\",\"@graph\":[{\"@type\":\"Article\",\"@id\":\"https:\\\/\\\/www.investec.com\\\/advisory\\\/fr\\\/french-tech-le-grand-ecart-le-nouvel-economiste\\\/#article\",\"isPartOf\":{\"@id\":\"https:\\\/\\\/www.investec.com\\\/advisory\\\/fr\\\/french-tech-le-grand-ecart-le-nouvel-economiste\\\/\"},\"author\":{\"name\":\"Emilie Vallet\",\"@id\":\"https:\\\/\\\/www.investec.com\\\/advisory\\\/fr\\\/#\\\/schema\\\/person\\\/cc4d56bbad5fc17fba294535806ae9b2\"},\"headline\":\"French Tech &#8211; Le Grand \u00e9cart | Le Nouvel Economiste\",\"datePublished\":\"2026-08-31T10:01:54+00:00\",\"dateModified\":\"2026-08-31T10:02:26+00:00\",\"mainEntityOfPage\":{\"@id\":\"https:\\\/\\\/www.investec.com\\\/advisory\\\/fr\\\/french-tech-le-grand-ecart-le-nouvel-economiste\\\/\"},\"wordCount\":90,\"publisher\":{\"@id\":\"https:\\\/\\\/www.investec.com\\\/advisory\\\/fr\\\/#organization\"},\"image\":{\"@id\":\"https:\\\/\\\/www.investec.com\\\/advisory\\\/fr\\\/french-tech-le-grand-ecart-le-nouvel-economiste\\\/#primaryimage\"},\"thumbnailUrl\":\"https:\\\/\\\/www.investec.com\\\/advisory\\\/wp-content\\\/uploads\\\/2026\\\/08\\\/riki32-metaverse-7199393_1920.jpg\",\"articleSection\":[\"Actualit\u00e9s et \u00e9v\u00e9nements\"],\"inLanguage\":\"fr-FR\"},{\"@type\":\"WebPage\",\"@id\":\"https:\\\/\\\/www.investec.com\\\/advisory\\\/fr\\\/french-tech-le-grand-ecart-le-nouvel-economiste\\\/\",\"url\":\"https:\\\/\\\/www.investec.com\\\/advisory\\\/fr\\\/french-tech-le-grand-ecart-le-nouvel-economiste\\\/\",\"name\":\"French Tech - Le Grand \u00e9cart | Le Nouvel Economiste | Investec Business Advisory\",\"isPartOf\":{\"@id\":\"https:\\\/\\\/www.investec.com\\\/advisory\\\/fr\\\/#website\"},\"primaryImageOfPage\":{\"@id\":\"https:\\\/\\\/www.investec.com\\\/advisory\\\/fr\\\/french-tech-le-grand-ecart-le-nouvel-economiste\\\/#primaryimage\"},\"image\":{\"@id\":\"https:\\\/\\\/www.investec.com\\\/advisory\\\/fr\\\/french-tech-le-grand-ecart-le-nouvel-economiste\\\/#primaryimage\"},\"thumbnailUrl\":\"https:\\\/\\\/www.investec.com\\\/advisory\\\/wp-content\\\/uploads\\\/2026\\\/08\\\/riki32-metaverse-7199393_1920.jpg\",\"datePublished\":\"2026-08-31T10:01:54+00:00\",\"dateModified\":\"2026-08-31T10:02:26+00:00\",\"description\":\"Retrouvez le point de vue de Jean-Arthur Datt\u00e9e sur la \\\"Tech M&A\\\" paru dans l'article du Nouvel Economiste - Septembre 2026\",\"breadcrumb\":{\"@id\":\"https:\\\/\\\/www.investec.com\\\/advisory\\\/fr\\\/french-tech-le-grand-ecart-le-nouvel-economiste\\\/#breadcrumb\"},\"inLanguage\":\"fr-FR\",\"potentialAction\":[{\"@type\":\"ReadAction\",\"target\":[\"https:\\\/\\\/www.investec.com\\\/advisory\\\/fr\\\/french-tech-le-grand-ecart-le-nouvel-economiste\\\/\"]}]},{\"@type\":\"ImageObject\",\"inLanguage\":\"fr-FR\",\"@id\":\"https:\\\/\\\/www.investec.com\\\/advisory\\\/fr\\\/french-tech-le-grand-ecart-le-nouvel-economiste\\\/#primaryimage\",\"url\":\"https:\\\/\\\/www.investec.com\\\/advisory\\\/wp-content\\\/uploads\\\/2026\\\/08\\\/riki32-metaverse-7199393_1920.jpg\",\"contentUrl\":\"https:\\\/\\\/www.investec.com\\\/advisory\\\/wp-content\\\/uploads\\\/2026\\\/08\\\/riki32-metaverse-7199393_1920.jpg\",\"width\":1920,\"height\":1080},{\"@type\":\"BreadcrumbList\",\"@id\":\"https:\\\/\\\/www.investec.com\\\/advisory\\\/fr\\\/french-tech-le-grand-ecart-le-nouvel-economiste\\\/#breadcrumb\",\"itemListElement\":[{\"@type\":\"ListItem\",\"position\":1,\"name\":\"Home\",\"item\":\"https:\\\/\\\/www.investec.com\\\/advisory\\\/fr\\\/\"},{\"@type\":\"ListItem\",\"position\":2,\"name\":\"French Tech &#8211; Le Grand \u00e9cart | Le Nouvel Economiste\"}]},{\"@type\":\"WebSite\",\"@id\":\"https:\\\/\\\/www.investec.com\\\/advisory\\\/fr\\\/#website\",\"url\":\"https:\\\/\\\/www.investec.com\\\/advisory\\\/fr\\\/\",\"name\":\"Investec Business Advisory\",\"description\":\"Investec Business Advisory\",\"publisher\":{\"@id\":\"https:\\\/\\\/www.investec.com\\\/advisory\\\/fr\\\/#organization\"},\"potentialAction\":[{\"@type\":\"SearchAction\",\"target\":{\"@type\":\"EntryPoint\",\"urlTemplate\":\"https:\\\/\\\/www.investec.com\\\/advisory\\\/fr\\\/?s={search_term_string}\"},\"query-input\":{\"@type\":\"PropertyValueSpecification\",\"valueRequired\":true,\"valueName\":\"search_term_string\"}}],\"inLanguage\":\"fr-FR\"},{\"@type\":\"Organization\",\"@id\":\"https:\\\/\\\/www.investec.com\\\/advisory\\\/fr\\\/#organization\",\"name\":\"Capitalmind Investec\",\"url\":\"https:\\\/\\\/www.investec.com\\\/advisory\\\/fr\\\/\",\"logo\":{\"@type\":\"ImageObject\",\"inLanguage\":\"fr-FR\",\"@id\":\"https:\\\/\\\/www.investec.com\\\/advisory\\\/fr\\\/#\\\/schema\\\/logo\\\/image\\\/\",\"url\":\"https:\\\/\\\/www.investec.com\\\/advisory\\\/wp-content\\\/uploads\\\/2020\\\/01\\\/Logo_Investec_cmjn_6.jpg\",\"contentUrl\":\"https:\\\/\\\/www.investec.com\\\/advisory\\\/wp-content\\\/uploads\\\/2020\\\/01\\\/Logo_Investec_cmjn_6.jpg\",\"width\":1120,\"height\":1121,\"caption\":\"Capitalmind Investec\"},\"image\":{\"@id\":\"https:\\\/\\\/www.investec.com\\\/advisory\\\/fr\\\/#\\\/schema\\\/logo\\\/image\\\/\"},\"sameAs\":[\"https:\\\/\\\/www.linkedin.com\\\/company\\\/capitalmind---corporate-finance-advisory\",\"https:\\\/\\\/www.youtube.com\\\/channel\\\/UC4bVt7iNejh8tGT6Qfa9R4w\"]},{\"@type\":\"Person\",\"@id\":\"https:\\\/\\\/www.investec.com\\\/advisory\\\/fr\\\/#\\\/schema\\\/person\\\/cc4d56bbad5fc17fba294535806ae9b2\",\"name\":\"Emilie Vallet\",\"image\":{\"@type\":\"ImageObject\",\"inLanguage\":\"fr-FR\",\"@id\":\"https:\\\/\\\/secure.gravatar.com\\\/avatar\\\/1ec4b726fe7842f95bfe0ddfd7bb5d48925320fa4943c9fb4fdf344493087571?s=96&d=initials&r=g&initials=ev\",\"url\":\"https:\\\/\\\/secure.gravatar.com\\\/avatar\\\/1ec4b726fe7842f95bfe0ddfd7bb5d48925320fa4943c9fb4fdf344493087571?s=96&d=initials&r=g&initials=ev\",\"contentUrl\":\"https:\\\/\\\/secure.gravatar.com\\\/avatar\\\/1ec4b726fe7842f95bfe0ddfd7bb5d48925320fa4943c9fb4fdf344493087571?s=96&d=initials&r=g&initials=ev\",\"caption\":\"Emilie Vallet\"},\"url\":\"https:\\\/\\\/www.investec.com\\\/advisory\\\/fr\\\/author\\\/emilie-vallet\\\/\"}]}<\/script>\n<!-- \/ Yoast SEO plugin. -->","yoast_head_json":{"title":"French Tech - Le Grand \u00e9cart | Le Nouvel Economiste | Investec Business Advisory","description":"Retrouvez le point de vue de Jean-Arthur Datt\u00e9e sur la \"Tech M&A\" paru dans l'article du Nouvel Economiste - Septembre 2026","robots":{"index":"index","follow":"follow","max-snippet":"max-snippet:-1","max-image-preview":"max-image-preview:large","max-video-preview":"max-video-preview:-1"},"canonical":"https:\/\/www.investec.com\/advisory\/fr\/french-tech-le-grand-ecart-le-nouvel-economiste\/","og_locale":"fr_FR","og_type":"article","og_title":"French Tech - Le Grand \u00e9cart | Le Nouvel Economiste | Investec Business Advisory","og_description":"Retrouvez le point de vue de Jean-Arthur Datt\u00e9e sur la \"Tech M&A\" paru dans l'article du Nouvel Economiste - Septembre 2026","og_url":"https:\/\/www.investec.com\/advisory\/fr\/french-tech-le-grand-ecart-le-nouvel-economiste\/","og_site_name":"Investec Business Advisory","article_published_time":"2026-08-31T10:01:54+00:00","article_modified_time":"2026-08-31T10:02:26+00:00","og_image":[{"width":1920,"height":1080,"url":"https:\/\/www.investec.com\/advisory\/wp-content\/uploads\/2026\/08\/riki32-metaverse-7199393_1920.jpg","type":"image\/jpeg"}],"author":"Emilie Vallet","twitter_card":"summary_large_image","twitter_misc":{"\u00c9crit par":"Emilie Vallet","Dur\u00e9e de lecture estim\u00e9e":"1 minute"},"schema":{"@context":"https:\/\/schema.org","@graph":[{"@type":"Article","@id":"https:\/\/www.investec.com\/advisory\/fr\/french-tech-le-grand-ecart-le-nouvel-economiste\/#article","isPartOf":{"@id":"https:\/\/www.investec.com\/advisory\/fr\/french-tech-le-grand-ecart-le-nouvel-economiste\/"},"author":{"name":"Emilie Vallet","@id":"https:\/\/www.investec.com\/advisory\/fr\/#\/schema\/person\/cc4d56bbad5fc17fba294535806ae9b2"},"headline":"French Tech &#8211; Le Grand \u00e9cart | Le Nouvel Economiste","datePublished":"2026-08-31T10:01:54+00:00","dateModified":"2026-08-31T10:02:26+00:00","mainEntityOfPage":{"@id":"https:\/\/www.investec.com\/advisory\/fr\/french-tech-le-grand-ecart-le-nouvel-economiste\/"},"wordCount":90,"publisher":{"@id":"https:\/\/www.investec.com\/advisory\/fr\/#organization"},"image":{"@id":"https:\/\/www.investec.com\/advisory\/fr\/french-tech-le-grand-ecart-le-nouvel-economiste\/#primaryimage"},"thumbnailUrl":"https:\/\/www.investec.com\/advisory\/wp-content\/uploads\/2026\/08\/riki32-metaverse-7199393_1920.jpg","articleSection":["Actualit\u00e9s et \u00e9v\u00e9nements"],"inLanguage":"fr-FR"},{"@type":"WebPage","@id":"https:\/\/www.investec.com\/advisory\/fr\/french-tech-le-grand-ecart-le-nouvel-economiste\/","url":"https:\/\/www.investec.com\/advisory\/fr\/french-tech-le-grand-ecart-le-nouvel-economiste\/","name":"French Tech - Le Grand \u00e9cart | Le Nouvel Economiste | Investec Business Advisory","isPartOf":{"@id":"https:\/\/www.investec.com\/advisory\/fr\/#website"},"primaryImageOfPage":{"@id":"https:\/\/www.investec.com\/advisory\/fr\/french-tech-le-grand-ecart-le-nouvel-economiste\/#primaryimage"},"image":{"@id":"https:\/\/www.investec.com\/advisory\/fr\/french-tech-le-grand-ecart-le-nouvel-economiste\/#primaryimage"},"thumbnailUrl":"https:\/\/www.investec.com\/advisory\/wp-content\/uploads\/2026\/08\/riki32-metaverse-7199393_1920.jpg","datePublished":"2026-08-31T10:01:54+00:00","dateModified":"2026-08-31T10:02:26+00:00","description":"Retrouvez le point de vue de Jean-Arthur Datt\u00e9e sur la \"Tech M&A\" paru dans l'article du Nouvel Economiste - Septembre 2026","breadcrumb":{"@id":"https:\/\/www.investec.com\/advisory\/fr\/french-tech-le-grand-ecart-le-nouvel-economiste\/#breadcrumb"},"inLanguage":"fr-FR","potentialAction":[{"@type":"ReadAction","target":["https:\/\/www.investec.com\/advisory\/fr\/french-tech-le-grand-ecart-le-nouvel-economiste\/"]}]},{"@type":"ImageObject","inLanguage":"fr-FR","@id":"https:\/\/www.investec.com\/advisory\/fr\/french-tech-le-grand-ecart-le-nouvel-economiste\/#primaryimage","url":"https:\/\/www.investec.com\/advisory\/wp-content\/uploads\/2026\/08\/riki32-metaverse-7199393_1920.jpg","contentUrl":"https:\/\/www.investec.com\/advisory\/wp-content\/uploads\/2026\/08\/riki32-metaverse-7199393_1920.jpg","width":1920,"height":1080},{"@type":"BreadcrumbList","@id":"https:\/\/www.investec.com\/advisory\/fr\/french-tech-le-grand-ecart-le-nouvel-economiste\/#breadcrumb","itemListElement":[{"@type":"ListItem","position":1,"name":"Home","item":"https:\/\/www.investec.com\/advisory\/fr\/"},{"@type":"ListItem","position":2,"name":"French Tech &#8211; Le Grand \u00e9cart | Le Nouvel Economiste"}]},{"@type":"WebSite","@id":"https:\/\/www.investec.com\/advisory\/fr\/#website","url":"https:\/\/www.investec.com\/advisory\/fr\/","name":"Investec Business Advisory","description":"Investec Business Advisory","publisher":{"@id":"https:\/\/www.investec.com\/advisory\/fr\/#organization"},"potentialAction":[{"@type":"SearchAction","target":{"@type":"EntryPoint","urlTemplate":"https:\/\/www.investec.com\/advisory\/fr\/?s={search_term_string}"},"query-input":{"@type":"PropertyValueSpecification","valueRequired":true,"valueName":"search_term_string"}}],"inLanguage":"fr-FR"},{"@type":"Organization","@id":"https:\/\/www.investec.com\/advisory\/fr\/#organization","name":"Capitalmind Investec","url":"https:\/\/www.investec.com\/advisory\/fr\/","logo":{"@type":"ImageObject","inLanguage":"fr-FR","@id":"https:\/\/www.investec.com\/advisory\/fr\/#\/schema\/logo\/image\/","url":"https:\/\/www.investec.com\/advisory\/wp-content\/uploads\/2020\/01\/Logo_Investec_cmjn_6.jpg","contentUrl":"https:\/\/www.investec.com\/advisory\/wp-content\/uploads\/2020\/01\/Logo_Investec_cmjn_6.jpg","width":1120,"height":1121,"caption":"Capitalmind Investec"},"image":{"@id":"https:\/\/www.investec.com\/advisory\/fr\/#\/schema\/logo\/image\/"},"sameAs":["https:\/\/www.linkedin.com\/company\/capitalmind---corporate-finance-advisory","https:\/\/www.youtube.com\/channel\/UC4bVt7iNejh8tGT6Qfa9R4w"]},{"@type":"Person","@id":"https:\/\/www.investec.com\/advisory\/fr\/#\/schema\/person\/cc4d56bbad5fc17fba294535806ae9b2","name":"Emilie Vallet","image":{"@type":"ImageObject","inLanguage":"fr-FR","@id":"https:\/\/secure.gravatar.com\/avatar\/1ec4b726fe7842f95bfe0ddfd7bb5d48925320fa4943c9fb4fdf344493087571?s=96&d=initials&r=g&initials=ev","url":"https:\/\/secure.gravatar.com\/avatar\/1ec4b726fe7842f95bfe0ddfd7bb5d48925320fa4943c9fb4fdf344493087571?s=96&d=initials&r=g&initials=ev","contentUrl":"https:\/\/secure.gravatar.com\/avatar\/1ec4b726fe7842f95bfe0ddfd7bb5d48925320fa4943c9fb4fdf344493087571?s=96&d=initials&r=g&initials=ev","caption":"Emilie Vallet"},"url":"https:\/\/www.investec.com\/advisory\/fr\/author\/emilie-vallet\/"}]}},"_links":{"self":[{"href":"https:\/\/www.investec.com\/advisory\/fr\/wp-json\/wp\/v2\/posts\/59195","targetHints":{"allow":["GET"]}}],"collection":[{"href":"https:\/\/www.investec.com\/advisory\/fr\/wp-json\/wp\/v2\/posts"}],"about":[{"href":"https:\/\/www.investec.com\/advisory\/fr\/wp-json\/wp\/v2\/types\/post"}],"author":[{"embeddable":true,"href":"https:\/\/www.investec.com\/advisory\/fr\/wp-json\/wp\/v2\/users\/58"}],"replies":[{"embeddable":true,"href":"https:\/\/www.investec.com\/advisory\/fr\/wp-json\/wp\/v2\/comments?post=59195"}],"version-history":[{"count":0,"href":"https:\/\/www.investec.com\/advisory\/fr\/wp-json\/wp\/v2\/posts\/59195\/revisions"}],"wp:featuredmedia":[{"embeddable":true,"href":"https:\/\/www.investec.com\/advisory\/fr\/wp-json\/wp\/v2\/media\/59204"}],"wp:attachment":[{"href":"https:\/\/www.investec.com\/advisory\/fr\/wp-json\/wp\/v2\/media?parent=59195"}],"wp:term":[{"taxonomy":"category","embeddable":true,"href":"https:\/\/www.investec.com\/advisory\/fr\/wp-json\/wp\/v2\/categories?post=59195"},{"taxonomy":"post_tag","embeddable":true,"href":"https:\/\/www.investec.com\/advisory\/fr\/wp-json\/wp\/v2\/tags?post=59195"},{"taxonomy":"news-event-type","embeddable":true,"href":"https:\/\/www.investec.com\/advisory\/fr\/wp-json\/wp\/v2\/news-event-type?post=59195"},{"taxonomy":"dealtype","embeddable":true,"href":"https:\/\/www.investec.com\/advisory\/fr\/wp-json\/wp\/v2\/dealtype?post=59195"}],"curies":[{"name":"wp","href":"https:\/\/api.w.org\/{rel}","templated":true}]}}